{"id":8023,"date":"2013-09-15T10:04:13","date_gmt":"2013-09-15T08:04:13","guid":{"rendered":"http:\/\/mtt.gov.rs\/?p=8023"},"modified":"2013-09-17T10:06:05","modified_gmt":"2013-09-17T08:06:05","slug":"ljajic-and-sarovic-on-the-new-possibilities-of-expanding-the-economic-cooperation-between-serbia-and-bosnia-and-herzegovina","status":"publish","type":"post","link":"https:\/\/arhiva.mtt.gov.rs\/en\/releases-and-announcements\/ljajic-and-sarovic-on-the-new-possibilities-of-expanding-the-economic-cooperation-between-serbia-and-bosnia-and-herzegovina\/","title":{"rendered":"Ljaji\u0107 and \u0160arovi\u0107 on the New Possibilities of Expanding the Economic Cooperation between Serbia and Bosnia and Herzegovina"},"content":{"rendered":"<p dir=\"ltr\">The Deputy Prime Minister of Serbia and Minister of Foreign and Internal Trade and Telecommunications Rasim Ljaji\u0107 met today in Gora\u017ede with the Minister of Foreign Trade and Economic Relations of Bosnia and Herzegovina Mirko \u0160arovi\u0107 and the Minister of Communications and Transport of Bosnia and Herzegovina Damir Had\u017ei\u0107.<\/p>\n<p dir=\"ltr\"><a href=\"http:\/\/mtt.gov.rs\/wp-content\/uploads\/2013\/09\/gorazde.jpg\"><img loading=\"lazy\" title=\"gorazde\" src=\"http:\/\/mtt.gov.rs\/wp-content\/uploads\/2013\/09\/gorazde.jpg\" alt=\"\" width=\"565\" height=\"195\" \/><\/a>Minister Ljaji\u0107 stated that the aim of such meetings is to connect the territories of Serbia and Bosnia and Herzegovina on an economic basis, because individually these are small markets which are not attractive enough for foreign investors. \u201cThis is also a message to foreign investors that these two countries have something to offer, and that that offer will be much greater if we unite our potentials\u201d, said the Deputy Prime Minister of Serbia.<\/p>\n<p dir=\"ltr\">The ministers discussed two insufficiently used segments of cooperation between the two countries \u2013 the automotive industry and the defense industry. \u201cSerbia has made significant progress in the export of automobiles and automotive equipment, which has increased by 24% this year. Therefore, we wish to connect this industry with other automotive industries in the region and Gora\u017ede is the best place to start such cooperation\u201d, said Ljaji\u0107.<\/p>\n<p dir=\"ltr\">Minister Ljaji\u0107 and \u0160arovi\u0107 agreed to speed up the signing of an agreement in the field of defense industry. The ministers also agreed that although companies from both countries are already working together, this agreement would be an additional incentive to develop their cooperation and for them to jointly access third markets, and thus increase the export of the defense industry.<\/p>\n<p dir=\"ltr\">The Deputy Prime Minister of Serbia said that he was working on organizing a joint visit to Russia with Minister \u0160arovi\u0107, where they will discuss, with the Russian Minister of Economy, the possibilities of a joint approach to the Russian market. \u201cSerbia has not yet used the potentials of the market of the Russian Federation because domestic producers do not have the ability to continually export large amounts of high-quality goods, and that is why it is important to unite our capacities\u201d said Ljaji\u0107, adding that the Russian market is very interesting for both countries but that it is not the only one that should be explored.<\/p>\n<p>Ljaji\u0107 pointed out that Serbia and Bosnia and Herzegovina have excellent economic relations and added that Bosnia and Herzegovina is the third largest market for exporting goods from Serbia, and the fifth foreign trade partner of Serbia in the exchange of goods in both directions.<\/p>\n","protected":false},"excerpt":{"rendered":"<p>The Deputy Prime Minister of Serbia and Minister of Foreign and Internal Trade and Telecommunications Rasim Ljaji\u0107 met today in Gora\u017ede with the Minister of Foreign Trade and Economic Relations of Bosnia and Herzegovina Mirko \u0160arovi\u0107 and the Minister of &hellip; <a href=\"https:\/\/arhiva.mtt.gov.rs\/en\/releases-and-announcements\/ljajic-and-sarovic-on-the-new-possibilities-of-expanding-the-economic-cooperation-between-serbia-and-bosnia-and-herzegovina\/\">Continue reading <span class=\"meta-nav\">&rarr;<\/span><\/a><\/p>\n","protected":false},"author":15,"featured_media":8014,"comment_status":"closed","ping_status":"open","sticky":false,"template":"","format":"standard","meta":[],"categories":[281,272,275,73,273],"tags":[],"_links":{"self":[{"href":"https:\/\/arhiva.mtt.gov.rs\/en\/wp-json\/wp\/v2\/posts\/8023\/"}],"collection":[{"href":"https:\/\/arhiva.mtt.gov.rs\/en\/wp-json\/wp\/v2\/posts\/"}],"about":[{"href":"https:\/\/arhiva.mtt.gov.rs\/en\/wp-json\/wp\/v2\/types\/post\/"}],"author":[{"embeddable":true,"href":"https:\/\/arhiva.mtt.gov.rs\/en\/wp-json\/wp\/v2\/users\/15\/"}],"replies":[{"embeddable":true,"href":"https:\/\/arhiva.mtt.gov.rs\/en\/wp-json\/wp\/v2\/comments\/?post=8023"}],"version-history":[{"count":2,"href":"https:\/\/arhiva.mtt.gov.rs\/en\/wp-json\/wp\/v2\/posts\/8023\/revisions\/"}],"predecessor-version":[{"id":8025,"href":"https:\/\/arhiva.mtt.gov.rs\/en\/wp-json\/wp\/v2\/posts\/8023\/revisions\/8025\/"}],"wp:featuredmedia":[{"embeddable":true,"href":"https:\/\/arhiva.mtt.gov.rs\/en\/wp-json\/wp\/v2\/media\/8014\/"}],"wp:attachment":[{"href":"https:\/\/arhiva.mtt.gov.rs\/en\/wp-json\/wp\/v2\/media\/?parent=8023"}],"wp:term":[{"taxonomy":"category","embeddable":true,"href":"https:\/\/arhiva.mtt.gov.rs\/en\/wp-json\/wp\/v2\/categories\/?post=8023"},{"taxonomy":"post_tag","embeddable":true,"href":"https:\/\/arhiva.mtt.gov.rs\/en\/wp-json\/wp\/v2\/tags\/?post=8023"}],"curies":[{"name":"wp","href":"https:\/\/api.w.org\/{rel}","templated":true}]}}