{"id":32674,"date":"2018-06-25T22:24:31","date_gmt":"2018-06-25T20:24:31","guid":{"rendered":"http:\/\/mtt.gov.rs\/?p=32674"},"modified":"2018-07-23T10:53:12","modified_gmt":"2018-07-23T08:53:12","slug":"serbia-is-ready-for-the-digital-integration-within-the-western-balkans-digital-agenda","status":"publish","type":"post","link":"https:\/\/arhiva.mtt.gov.rs\/en\/releases-and-announcements\/serbia-is-ready-for-the-digital-integration-within-the-western-balkans-digital-agenda\/","title":{"rendered":"Serbia is ready for the digital integration within the Western Balkans Digital Agenda"},"content":{"rendered":"<p>State Secretary in the Ministry of Trade, Tourism, and Telecommunications Tatjana Mati\u0107, said that the investment in the ICT infrastructure is the biggest challenge for the accelerated digital transformation in the Republic of Serbia.<\/p>\n<p>At the ministerial panel on starting the West Balkans Digital Agenda, at the Digital Assembly in Sofia, the State Secretary welcomed this platform Serbia is a part of, pointing out the significance of the regional cooperation in the field of digital trust and safety, reduction of roaming charges, development of digital skills and digital services, and the investment in digital projects.<\/p>\n<p><img loading=\"lazy\" src=\"http:\/\/mtt.gov.rs\/wp-content\/uploads\/2018\/06\/IMG_9097.jpg\" alt=\"Serbia is ready for the digital integration within the Western Balkans Digital Agenda\" width=\"600\" height=\"390\" class=\"alignnone size-full wp-image-29999\" srcset=\"https:\/\/arhiva.mtt.gov.rs\/wp-content\/uploads\/2018\/06\/IMG_9097.jpg 600w, https:\/\/arhiva.mtt.gov.rs\/wp-content\/uploads\/2018\/06\/IMG_9097-300x195.jpg 300w, https:\/\/arhiva.mtt.gov.rs\/wp-content\/uploads\/2018\/06\/IMG_9097-462x300.jpg 462w\" sizes=\"(max-width: 600px) 100vw, 600px\" \/><\/a><\/p>\n<p>She said that it was necessary to establish new financing models for the countries in the region, in order to connect and thus jointly finance infrastructural projects among which the most demanding and important one is the development of the broadband network.<\/p>\n<p>\u201cDigitalisation is set as a priority of the programme of Serbian Government led by President Aleksandar Vu\u010di\u0107 and PM Ana Brnabi\u0107\u201d, reminded Ms Mati\u0107. Underlining that Serbia has an excellent frame for a successful digital integration.<\/p>\n<p><img loading=\"lazy\" src=\"http:\/\/mtt.gov.rs\/wp-content\/uploads\/2018\/06\/IMG_9141.jpg\" alt=\"Serbia is ready for the digital integration within the Western Balkans Digital Agenda\" width=\"600\" height=\"341\" class=\"alignnone size-full wp-image-30000\" srcset=\"https:\/\/arhiva.mtt.gov.rs\/wp-content\/uploads\/2018\/06\/IMG_9141.jpg 600w, https:\/\/arhiva.mtt.gov.rs\/wp-content\/uploads\/2018\/06\/IMG_9141-300x171.jpg 300w, https:\/\/arhiva.mtt.gov.rs\/wp-content\/uploads\/2018\/06\/IMG_9141-528x300.jpg 528w, https:\/\/arhiva.mtt.gov.rs\/wp-content\/uploads\/2018\/06\/IMG_9141-500x284.jpg 500w\" sizes=\"(max-width: 600px) 100vw, 600px\" \/><\/a><\/p>\n<p>\u201cStrategy of new network development, and the new Law on Electronic Communication, are fully prepared in line with the EU Strategy of Unique Digital Market. The regulatory frame for cyber safety has been adopted \u2013 Law and Strategy, and the new Law on Electronic Identification, Electronic Signature, and Trust Services in Electronic Transfer, which will improve not only the e-business but e-governance as well\u201d, says Ms Mati\u0107.<\/p>\n<p>State Secretary has added that for the support to further ICT development, IT industry strategy was adopted, and that numerous projects have been launched for developing digital skills in the entire population. <\/p>\n<p>\u201cEnsuring the use of digital solutions and services, irrespective of the limits and political differences, will bring the a better life quality of people, which is the main purpose of the digital transformation of any society\u201d, concluded Tatjana Mati\u0107. <\/p>\n","protected":false},"excerpt":{"rendered":"<p>State Secretary in the Ministry of Trade, Tourism, and Telecommunications Tatjana Mati\u0107, said that the investment in the ICT infrastructure is the biggest challenge for the accelerated digital transformation in the Republic of Serbia. At the ministerial panel on starting &hellip; <a href=\"https:\/\/arhiva.mtt.gov.rs\/en\/releases-and-announcements\/serbia-is-ready-for-the-digital-integration-within-the-western-balkans-digital-agenda\/\">Continue reading <span class=\"meta-nav\">&rarr;<\/span><\/a><\/p>\n","protected":false},"author":15,"featured_media":30200,"comment_status":"closed","ping_status":"closed","sticky":false,"template":"","format":"standard","meta":[],"categories":[272,275,73,273],"tags":[],"_links":{"self":[{"href":"https:\/\/arhiva.mtt.gov.rs\/en\/wp-json\/wp\/v2\/posts\/32674\/"}],"collection":[{"href":"https:\/\/arhiva.mtt.gov.rs\/en\/wp-json\/wp\/v2\/posts\/"}],"about":[{"href":"https:\/\/arhiva.mtt.gov.rs\/en\/wp-json\/wp\/v2\/types\/post\/"}],"author":[{"embeddable":true,"href":"https:\/\/arhiva.mtt.gov.rs\/en\/wp-json\/wp\/v2\/users\/15\/"}],"replies":[{"embeddable":true,"href":"https:\/\/arhiva.mtt.gov.rs\/en\/wp-json\/wp\/v2\/comments\/?post=32674"}],"version-history":[{"count":2,"href":"https:\/\/arhiva.mtt.gov.rs\/en\/wp-json\/wp\/v2\/posts\/32674\/revisions\/"}],"predecessor-version":[{"id":32676,"href":"https:\/\/arhiva.mtt.gov.rs\/en\/wp-json\/wp\/v2\/posts\/32674\/revisions\/32676\/"}],"wp:featuredmedia":[{"embeddable":true,"href":"https:\/\/arhiva.mtt.gov.rs\/en\/wp-json\/wp\/v2\/media\/30200\/"}],"wp:attachment":[{"href":"https:\/\/arhiva.mtt.gov.rs\/en\/wp-json\/wp\/v2\/media\/?parent=32674"}],"wp:term":[{"taxonomy":"category","embeddable":true,"href":"https:\/\/arhiva.mtt.gov.rs\/en\/wp-json\/wp\/v2\/categories\/?post=32674"},{"taxonomy":"post_tag","embeddable":true,"href":"https:\/\/arhiva.mtt.gov.rs\/en\/wp-json\/wp\/v2\/tags\/?post=32674"}],"curies":[{"name":"wp","href":"https:\/\/api.w.org\/{rel}","templated":true}]}}