{"id":29336,"date":"2018-03-12T14:04:31","date_gmt":"2018-03-12T12:04:31","guid":{"rendered":"http:\/\/mtt.gov.rs\/?p=29336"},"modified":"2018-04-20T11:10:50","modified_gmt":"2018-04-20T09:10:50","slug":"it-caravan-03-in-novi-sad","status":"publish","type":"post","link":"https:\/\/arhiva.mtt.gov.rs\/en\/releases-and-announcements\/it-caravan-03-in-novi-sad\/","title":{"rendered":"IT Caravan 03 in Novi Sad"},"content":{"rendered":"<p>State Secretary in the Ministry of Trade, Tourism, and Telecommunications Tatjana Mati\u0107, has said to the children for which the IT Caravan 03 was presented in Novi Sad, that digital skills are the condition for their successful careers in the future, but that the digital technologies must be used safely. <\/p>\n<p><img loading=\"lazy\" src=\"http:\/\/mtt.gov.rs\/wp-content\/uploads\/2018\/03\/IMG-64d93d82d0d4f4a91f3ddef396c775a6-V.jpg\" alt=\"\u0418\u0422 \u043a\u0430\u0440\u0430\u0432\u0430\u043d 03 \u0443 \u041d\u043e\u0432\u043e\u043c \u0421\u0430\u0434\u0443\" width=\"600\" height=\"400\" class=\"alignnone size-full wp-image-29015\" srcset=\"https:\/\/arhiva.mtt.gov.rs\/wp-content\/uploads\/2018\/03\/IMG-64d93d82d0d4f4a91f3ddef396c775a6-V.jpg 600w, https:\/\/arhiva.mtt.gov.rs\/wp-content\/uploads\/2018\/03\/IMG-64d93d82d0d4f4a91f3ddef396c775a6-V-300x200.jpg 300w, https:\/\/arhiva.mtt.gov.rs\/wp-content\/uploads\/2018\/03\/IMG-64d93d82d0d4f4a91f3ddef396c775a6-V-450x300.jpg 450w\" sizes=\"(max-width: 600px) 100vw, 600px\" \/><\/p>\n<p>\u201cThough your digital competences are rather high, insufficient life experience makes you unprotected on the internet. This is why we are conducting the IT Caravan, for the third consecutive year already, in order to show you how to be safe on the internet, but also how to use digital tools in learning and researching\u201d, says Ms Mati\u0107, expressing her happiness for having the IT Caravan in Novi Sad again, since that is the city of IT talents.<\/p>\n<p>This year the programme is presented in the Spens Amphitheatre to the pupils, their teachers and parents from five primary schools from Novi Sad: \u201cPetefi \u0160andor\u201d, \u201cVuk Karad\u017ei\u0107\u201d, \u201cAleksa \u0160anti\u0107\u201d, \u201c\u017darko Zrenjanin\u201d and \u201cKosta Trifkovi\u0107\u201d. The school representatives were given the magnet boards for use in teaching. <\/p>\n<p>For all participants there was an educational play on online safety, followed by the workshop for coding for children, and the workshop for parents on protecting children on the internet. <\/p>\n<p><img loading=\"lazy\" src=\"http:\/\/mtt.gov.rs\/wp-content\/uploads\/2018\/03\/IMG-25fb719b03da276f6e0d1c8c8058d926-V.jpg\" alt=\"\u0418\u0422 \u043a\u0430\u0440\u0430\u0432\u0430\u043d 03 \u0443 \u041d\u043e\u0432\u043e\u043c \u0421\u0430\u0434\u0443\" width=\"600\" height=\"400\" class=\"alignnone size-full wp-image-29016\" srcset=\"https:\/\/arhiva.mtt.gov.rs\/wp-content\/uploads\/2018\/03\/IMG-25fb719b03da276f6e0d1c8c8058d926-V.jpg 600w, https:\/\/arhiva.mtt.gov.rs\/wp-content\/uploads\/2018\/03\/IMG-25fb719b03da276f6e0d1c8c8058d926-V-300x200.jpg 300w, https:\/\/arhiva.mtt.gov.rs\/wp-content\/uploads\/2018\/03\/IMG-25fb719b03da276f6e0d1c8c8058d926-V-450x300.jpg 450w\" sizes=\"(max-width: 600px) 100vw, 600px\" \/><\/p>\n<p>Ministry of Trade, Tourism, and Telecommunications in cooperation with the Ministry of Education, Science, and Technological Development, Microsoft Company, National Association of Parents and Teachers of Serbia and Foundation Petlja, is conducting the campaign of IT Caravan in 2018 for 26 primary schools in Serbia. <\/p>\n<p>IT Caravan 03 started from Belgrade, on February 23, on the day when the National Contact Centre for Online Safety of Children started working last year. The programme was carried out in Subotica, and in Novi Sad, while the plan is to go also to Ni\u0161 and Novi Pazar. The campaign is realises and opens promotions for the citizens, and additional workshops for parents in six more cities: Se\u010danj, Zrenjanin, Leskovac, \u010ca\u010dak, Kraljevo and U\u017eice. <\/p>\n","protected":false},"excerpt":{"rendered":"<p>State Secretary in the Ministry of Trade, Tourism, and Telecommunications Tatjana Mati\u0107, has said to the children for which the IT Caravan 03 was presented in Novi Sad, that digital skills are the condition for their successful careers in the &hellip; <a href=\"https:\/\/arhiva.mtt.gov.rs\/en\/releases-and-announcements\/it-caravan-03-in-novi-sad\/\">Continue reading <span class=\"meta-nav\">&rarr;<\/span><\/a><\/p>\n","protected":false},"author":20,"featured_media":29017,"comment_status":"closed","ping_status":"closed","sticky":false,"template":"","format":"standard","meta":[],"categories":[272,275,73,273],"tags":[],"_links":{"self":[{"href":"https:\/\/arhiva.mtt.gov.rs\/en\/wp-json\/wp\/v2\/posts\/29336\/"}],"collection":[{"href":"https:\/\/arhiva.mtt.gov.rs\/en\/wp-json\/wp\/v2\/posts\/"}],"about":[{"href":"https:\/\/arhiva.mtt.gov.rs\/en\/wp-json\/wp\/v2\/types\/post\/"}],"author":[{"embeddable":true,"href":"https:\/\/arhiva.mtt.gov.rs\/en\/wp-json\/wp\/v2\/users\/20\/"}],"replies":[{"embeddable":true,"href":"https:\/\/arhiva.mtt.gov.rs\/en\/wp-json\/wp\/v2\/comments\/?post=29336"}],"version-history":[{"count":1,"href":"https:\/\/arhiva.mtt.gov.rs\/en\/wp-json\/wp\/v2\/posts\/29336\/revisions\/"}],"predecessor-version":[{"id":29337,"href":"https:\/\/arhiva.mtt.gov.rs\/en\/wp-json\/wp\/v2\/posts\/29336\/revisions\/29337\/"}],"wp:featuredmedia":[{"embeddable":true,"href":"https:\/\/arhiva.mtt.gov.rs\/en\/wp-json\/wp\/v2\/media\/29017\/"}],"wp:attachment":[{"href":"https:\/\/arhiva.mtt.gov.rs\/en\/wp-json\/wp\/v2\/media\/?parent=29336"}],"wp:term":[{"taxonomy":"category","embeddable":true,"href":"https:\/\/arhiva.mtt.gov.rs\/en\/wp-json\/wp\/v2\/categories\/?post=29336"},{"taxonomy":"post_tag","embeddable":true,"href":"https:\/\/arhiva.mtt.gov.rs\/en\/wp-json\/wp\/v2\/tags\/?post=29336"}],"curies":[{"name":"wp","href":"https:\/\/api.w.org\/{rel}","templated":true}]}}