{"id":26417,"date":"2017-06-02T15:08:19","date_gmt":"2017-06-02T13:08:19","guid":{"rendered":"http:\/\/mtt.gov.rs\/?p=26417"},"modified":"2017-06-30T12:41:42","modified_gmt":"2017-06-30T10:41:42","slug":"it-caravan-for-parents-next-year","status":"publish","type":"post","link":"https:\/\/arhiva.mtt.gov.rs\/en\/releases-and-announcements\/it-caravan-for-parents-next-year\/","title":{"rendered":"IT Caravan for parents next year"},"content":{"rendered":"<p>State Secretary in the Ministry of Trade, Tourism and Telecommunications Tatjana Mati\u0107, has said at the media conference in the Press Centre of UNS, on the occasion of the end of campaign IT Caravan 02 that 14% of citizens who have participated in the survey carried out during the campaign, said that their children had been contacted by strangers on the Internet.<\/p>\n<p>11% stated that their children had been exposed to peer violence on the Internet, while 30% of them told that their children had been exposed to inappropriate content.<\/p>\n<p><img loading=\"lazy\" src=\"http:\/\/mtt.gov.rs\/wp-content\/uploads\/2017\/06\/1SAL9826.jpg\" alt=\"\u0418\u0422 \u043a\u0430\u0440\u0430\u0432\u0430\u043d \u043e\u0434 \u0441\u043b\u0435\u0434\u0435\u045b\u0435 \u0433\u043e\u0434\u0438\u043d\u0435 \u0438 \u0437\u0430 \u0440\u043e\u0434\u0438\u0442\u0435\u0459\u0435\" title=\"\u0418\u0422 \u043a\u0430\u0440\u0430\u0432\u0430\u043d \u043e\u0434 \u0441\u043b\u0435\u0434\u0435\u045b\u0435 \u0433\u043e\u0434\u0438\u043d\u0435 \u0438 \u0437\u0430 \u0440\u043e\u0434\u0438\u0442\u0435\u0459\u0435\" width=\"600\" height=\"400\" class=\"alignnone size-full wp-image-26130\" srcset=\"https:\/\/arhiva.mtt.gov.rs\/wp-content\/uploads\/2017\/06\/1SAL9826.jpg 600w, https:\/\/arhiva.mtt.gov.rs\/wp-content\/uploads\/2017\/06\/1SAL9826-300x200.jpg 300w, https:\/\/arhiva.mtt.gov.rs\/wp-content\/uploads\/2017\/06\/1SAL9826-450x300.jpg 450w\" sizes=\"(max-width: 600px) 100vw, 600px\" \/><\/p>\n<p>\u201cThose are additional indicators that though children are rather skilful with innovative tools and know contents offered to them in the digital world, they are not protected enough from the abuse of new technologies. This is why I believe that education and prevention we realise through this project are of key importance for a better online safety of children\u201d, says Ms Mati\u0107. <\/p>\n<p>She has announced the follow-up campaign next year, with a higher involvement of parents in the project itself, since they have shown a great interest in lectures on protection of children when using new technologies.<\/p>\n<p>The significance of education for online safety of children and the campaign itself were the topics of the conference where the chief police inspector of the Department for fight against high-tech crime in the Ministry of Interior Tatjana \u0110ura\u0161kovi\u0107 spoke, emphasizing that pupils for whom the school presentations were organised within the IT Caravan were carefully listening to the cases of abuse of the Internet presented to them by the inspectors of the Ministry of Interior. <\/p>\n<p><img loading=\"lazy\" src=\"http:\/\/mtt.gov.rs\/wp-content\/uploads\/2017\/06\/1SAL9963.jpg\" alt=\"\u0418\u0422 \u043a\u0430\u0440\u0430\u0432\u0430\u043d \u043e\u0434 \u0441\u043b\u0435\u0434\u0435\u045b\u0435 \u0433\u043e\u0434\u0438\u043d\u0435 \u0438 \u0437\u0430 \u0440\u043e\u0434\u0438\u0442\u0435\u0459\u0435\" title=\"\u0418\u0422 \u043a\u0430\u0440\u0430\u0432\u0430\u043d \u043e\u0434 \u0441\u043b\u0435\u0434\u0435\u045b\u0435 \u0433\u043e\u0434\u0438\u043d\u0435 \u0438 \u0437\u0430 \u0440\u043e\u0434\u0438\u0442\u0435\u0459\u0435\" width=\"600\" height=\"401\" class=\"alignnone size-full wp-image-26131\" srcset=\"https:\/\/arhiva.mtt.gov.rs\/wp-content\/uploads\/2017\/06\/1SAL9963.jpg 600w, https:\/\/arhiva.mtt.gov.rs\/wp-content\/uploads\/2017\/06\/1SAL9963-300x201.jpg 300w, https:\/\/arhiva.mtt.gov.rs\/wp-content\/uploads\/2017\/06\/1SAL9963-449x300.jpg 449w\" sizes=\"(max-width: 600px) 100vw, 600px\" \/><\/p>\n<p>\u201cChildren have demonstrated their knowledge about what potential online dangers are, but they are not aware of real dangers of online communication with strangers. This is why it is necessary to have a continuous education the Ministry of Interior is trying to implement in cooperation with other ministries\u201d, says Ms \u0110ura\u0161inovi\u0107.<\/p>\n<p>Other participants and representatives of the partners of IT Caravan also spoke at the conference: advisor for information and communication technologies in the Ministry of Education Sne\u017eana Markovi\u0107, Nikola Orli\u0107 from Microsoft company, representative of the organisation Save the Children Vasilije Ljubinkovi\u0107, founder of the \u201cTijana Juri\u0107\u201d Foundation Irgo Juri\u0107, then host of the presentations \u2013 psychologist and expert for digital communications Ana Mirkovi\u0107 and an actor and musician Bojan Ivkovi\u0107, as well as the team leader of experts in robots of \u201cIT Caravan 02\u201d Alen Piljak, while editor in chief for school programme of RTS Nevena Mladenovi\u0107-Blagojevi\u0107 presented the media campaign for online safety of children.<\/p>\n<p>Ministry of Trade, Tourism and Telecommunications carried out the campaign IT Caravan 02 from April 12 until May 25, 2017, in Novi Pazar, Pirot, Ni\u0161, Zaje\u010dar, Kraljevo, U\u017eice, \u010ca\u010dak, Valjevo, Kragujevac, Subotica, Novi Sad, Pan\u010devo and Sombor.<\/p>\n<p>Presentation on protection from digital violence and other forms of abuse of children on the Internet was participated by more than 5500 pupils and around 90 teachers from 17 primary schools in Serbia. <\/p>\n<p><iframe width=\"560\" height=\"315\" src=\"https:\/\/www.youtube.com\/embed\/qcfgIctaP3k\" frameborder=\"0\" allowfullscreen><\/iframe><\/p>\n","protected":false},"excerpt":{"rendered":"<p>State Secretary in the Ministry of Trade, Tourism and Telecommunications Tatjana Mati\u0107, has said at the media conference in the Press Centre of UNS, on the occasion of the end of campaign IT Caravan 02 that 14% of citizens who &hellip; <a href=\"https:\/\/arhiva.mtt.gov.rs\/en\/releases-and-announcements\/it-caravan-for-parents-next-year\/\">Continue reading <span class=\"meta-nav\">&rarr;<\/span><\/a><\/p>\n","protected":false},"author":20,"featured_media":26133,"comment_status":"closed","ping_status":"closed","sticky":false,"template":"","format":"standard","meta":[],"categories":[272,275,73,273],"tags":[],"_links":{"self":[{"href":"https:\/\/arhiva.mtt.gov.rs\/en\/wp-json\/wp\/v2\/posts\/26417\/"}],"collection":[{"href":"https:\/\/arhiva.mtt.gov.rs\/en\/wp-json\/wp\/v2\/posts\/"}],"about":[{"href":"https:\/\/arhiva.mtt.gov.rs\/en\/wp-json\/wp\/v2\/types\/post\/"}],"author":[{"embeddable":true,"href":"https:\/\/arhiva.mtt.gov.rs\/en\/wp-json\/wp\/v2\/users\/20\/"}],"replies":[{"embeddable":true,"href":"https:\/\/arhiva.mtt.gov.rs\/en\/wp-json\/wp\/v2\/comments\/?post=26417"}],"version-history":[{"count":1,"href":"https:\/\/arhiva.mtt.gov.rs\/en\/wp-json\/wp\/v2\/posts\/26417\/revisions\/"}],"predecessor-version":[{"id":26418,"href":"https:\/\/arhiva.mtt.gov.rs\/en\/wp-json\/wp\/v2\/posts\/26417\/revisions\/26418\/"}],"wp:featuredmedia":[{"embeddable":true,"href":"https:\/\/arhiva.mtt.gov.rs\/en\/wp-json\/wp\/v2\/media\/26133\/"}],"wp:attachment":[{"href":"https:\/\/arhiva.mtt.gov.rs\/en\/wp-json\/wp\/v2\/media\/?parent=26417"}],"wp:term":[{"taxonomy":"category","embeddable":true,"href":"https:\/\/arhiva.mtt.gov.rs\/en\/wp-json\/wp\/v2\/categories\/?post=26417"},{"taxonomy":"post_tag","embeddable":true,"href":"https:\/\/arhiva.mtt.gov.rs\/en\/wp-json\/wp\/v2\/tags\/?post=26417"}],"curies":[{"name":"wp","href":"https:\/\/api.w.org\/{rel}","templated":true}]}}