{"id":26395,"date":"2017-06-01T08:31:39","date_gmt":"2017-06-01T06:31:39","guid":{"rendered":"http:\/\/mtt.gov.rs\/?p=26395"},"modified":"2017-06-30T12:07:16","modified_gmt":"2017-06-30T10:07:16","slug":"conference-on-the-closure-of-campaign-it-caravan-02","status":"publish","type":"post","link":"https:\/\/arhiva.mtt.gov.rs\/en\/releases-and-announcements\/conference-on-the-closure-of-campaign-it-caravan-02\/","title":{"rendered":"Conference on the closure of campaign \u201eIT Caravan 02\u201c"},"content":{"rendered":"<p>State Secretary in the Ministry of Trade, Tourism and Telecommunications of the Government of the Republic of Serbia, Tatjana Mati\u0107 will give a speech at the press conference regarding the closure of this year\u2019s campaign for online safety of children \u201cIT Caravan 02\u201d, on Friday, June 2, at 10 o\u2019clock, at the Press centre of the Journalists\u2019 Association of Serbia (UNS), Knez Mihailova 6\/III.<\/p>\n<p>The conference will be participated by the Chief Police Inspector of the Department of Fight against High-Tech Crime of the Ministry of Interior Tatjana \u0110ura\u0161kovi\u0107 and the Advisor for information and communication technologies in the Ministry of Education, Science and Technological Development Sne\u017eana Markovi\u0107.<\/p>\n<p><img loading=\"lazy\" src=\"http:\/\/mtt.gov.rs\/wp-content\/uploads\/2017\/06\/1SAL0832.jpg\" alt=\"\u041a\u043e\u043d\u0444\u0435\u0440\u0435\u043d\u0446\u0438\u0458\u0430 \u043f\u043e\u0432\u043e\u0434\u043e\u043c \u0437\u0430\u0432\u0440\u0448\u0435\u0442\u043a\u0430 \u043a\u0430\u043c\u043f\u0430\u045a\u0435 \"\u0418\u0422 \u043a\u0430\u0440\u0430\u0432\u0430\u043d 02\"\" title=\"\u041a\u043e\u043d\u0444\u0435\u0440\u0435\u043d\u0446\u0438\u0458\u0430 \u043f\u043e\u0432\u043e\u0434\u043e\u043c \u0437\u0430\u0432\u0440\u0448\u0435\u0442\u043a\u0430 \u043a\u0430\u043c\u043f\u0430\u045a\u0435 \"\u0418\u0422 \u043a\u0430\u0440\u0430\u0432\u0430\u043d 02\"\" width=\"600\" height=\"400\" class=\"alignnone size-full wp-image-26105\" srcset=\"https:\/\/arhiva.mtt.gov.rs\/wp-content\/uploads\/2017\/06\/1SAL0832.jpg 600w, https:\/\/arhiva.mtt.gov.rs\/wp-content\/uploads\/2017\/06\/1SAL0832-300x200.jpg 300w, https:\/\/arhiva.mtt.gov.rs\/wp-content\/uploads\/2017\/06\/1SAL0832-450x300.jpg 450w\" sizes=\"(max-width: 600px) 100vw, 600px\" \/><\/p>\n<p>The participants will also be the director of the Sector for users from the public and commercial segment of company Microsoft, Nikola Orli\u0107, a representative of organisation Save the Children for North-West Balkans Vasilije Ljubinkovi\u0107 and founder of \u201cTijana Juri\u0107\u201d Foundation, Igor Juri\u0107.<\/p>\n<p>The audience will be addressed by the host of the presentation of campaign \u201cIT Caravan 02\u201d \u2013 psychologist and expert for digital communications Ana Mirkovi\u0107 and an actor and musician Bojan Ivkovi\u0107, as well as the leader of the team of experts for robots of the \u201cIT Caravan 02\u201d and president of the \u201cEdulab\u201d Alen Piljak.<\/p>\n<p>The topic of the conference are the results of the campaign \u201cIT Caravan 02\u201d of the Ministry of Trade, Tourism and Telecommunications, significance of education and prevention in protecting children on the Internet, and the discussion will also include the media campaign for online safety of children \u201cDigitally smart \u2013 digitally safe\u201d, to be presented by the editor in chief responsible for school program of RTS Nevena Mladenovi\u0107-Blagojevi\u0107.<\/p>\n","protected":false},"excerpt":{"rendered":"<p>State Secretary in the Ministry of Trade, Tourism and Telecommunications of the Government of the Republic of Serbia, Tatjana Mati\u0107 will give a speech at the press conference regarding the closure of this year\u2019s campaign for online safety of children &hellip; <a href=\"https:\/\/arhiva.mtt.gov.rs\/en\/releases-and-announcements\/conference-on-the-closure-of-campaign-it-caravan-02\/\">Continue reading <span class=\"meta-nav\">&rarr;<\/span><\/a><\/p>\n","protected":false},"author":20,"featured_media":0,"comment_status":"closed","ping_status":"closed","sticky":false,"template":"","format":"standard","meta":[],"categories":[272,275,73],"tags":[],"_links":{"self":[{"href":"https:\/\/arhiva.mtt.gov.rs\/en\/wp-json\/wp\/v2\/posts\/26395\/"}],"collection":[{"href":"https:\/\/arhiva.mtt.gov.rs\/en\/wp-json\/wp\/v2\/posts\/"}],"about":[{"href":"https:\/\/arhiva.mtt.gov.rs\/en\/wp-json\/wp\/v2\/types\/post\/"}],"author":[{"embeddable":true,"href":"https:\/\/arhiva.mtt.gov.rs\/en\/wp-json\/wp\/v2\/users\/20\/"}],"replies":[{"embeddable":true,"href":"https:\/\/arhiva.mtt.gov.rs\/en\/wp-json\/wp\/v2\/comments\/?post=26395"}],"version-history":[{"count":1,"href":"https:\/\/arhiva.mtt.gov.rs\/en\/wp-json\/wp\/v2\/posts\/26395\/revisions\/"}],"predecessor-version":[{"id":26396,"href":"https:\/\/arhiva.mtt.gov.rs\/en\/wp-json\/wp\/v2\/posts\/26395\/revisions\/26396\/"}],"wp:attachment":[{"href":"https:\/\/arhiva.mtt.gov.rs\/en\/wp-json\/wp\/v2\/media\/?parent=26395"}],"wp:term":[{"taxonomy":"category","embeddable":true,"href":"https:\/\/arhiva.mtt.gov.rs\/en\/wp-json\/wp\/v2\/categories\/?post=26395"},{"taxonomy":"post_tag","embeddable":true,"href":"https:\/\/arhiva.mtt.gov.rs\/en\/wp-json\/wp\/v2\/tags\/?post=26395"}],"curies":[{"name":"wp","href":"https:\/\/api.w.org\/{rel}","templated":true}]}}