{"id":25369,"date":"2017-02-02T11:56:53","date_gmt":"2017-02-02T09:56:53","guid":{"rendered":"http:\/\/mtt.gov.rs\/?p=25369"},"modified":"2017-04-06T12:12:22","modified_gmt":"2017-04-06T10:12:22","slug":"announcing-the-winners-of-the-action-the-best-from-serbia-2016","status":"publish","type":"post","link":"https:\/\/arhiva.mtt.gov.rs\/en\/releases-and-announcements\/announcing-the-winners-of-the-action-the-best-from-serbia-2016\/","title":{"rendered":"Announcing the winners of the action \u201eThe Best from Serbia 2016\u201c"},"content":{"rendered":"<p>Ministry of Trade, Tourism and Telecommunications and Serbian Chamber of Commerce have awarded recognition to the most successful brands at the closing ceremony of \u201cThe Best from Serbia 2016\u201d tonight in Novi Sad.<\/p>\n<p>Deputy Prime Minister and Minister of Trade, Tourism and Telecommunications Rasim Ljaji\u0107 has said at the ceremony of awarding recognitions in the Master Centre of the Novi Sad Fair that those companies are the core of the new Serbian business elite.<\/p>\n<p><img loading=\"lazy\" src=\"http:\/\/mtt.gov.rs\/wp-content\/uploads\/2017\/02\/Tan2017-2-2_213521106_15.jpg\" alt=\"\u041f\u0440\u043e\u0433\u043b\u0430\u0448\u0435\u043d\u0438 \u043f\u043e\u0431\u0435\u0434\u043d\u0438\u0446\u0438 \u0430\u043a\u0446\u0438\u0458\u0435 ,,\u041d\u0430\u0458\u0431\u043e\u0459\u0435 \u0438\u0437 \u0421\u0440\u0431\u0438\u0458\u0435 2016.\"\" title=\"\u041f\u0440\u043e\u0433\u043b\u0430\u0448\u0435\u043d\u0438 \u043f\u043e\u0431\u0435\u0434\u043d\u0438\u0446\u0438 \u0430\u043a\u0446\u0438\u0458\u0435 ,,\u041d\u0430\u0458\u0431\u043e\u0459\u0435 \u0438\u0437 \u0421\u0440\u0431\u0438\u0458\u0435 2016.\"\" width=\"600\" height=\"409\" class=\"alignnone size-full wp-image-24564\" srcset=\"https:\/\/arhiva.mtt.gov.rs\/wp-content\/uploads\/2017\/02\/Tan2017-2-2_213521106_15.jpg 600w, https:\/\/arhiva.mtt.gov.rs\/wp-content\/uploads\/2017\/02\/Tan2017-2-2_213521106_15-300x205.jpg 300w, https:\/\/arhiva.mtt.gov.rs\/wp-content\/uploads\/2017\/02\/Tan2017-2-2_213521106_15-440x300.jpg 440w\" sizes=\"(max-width: 600px) 100vw, 600px\" \/><\/p>\n<p>\u201cIn spite of the financial crisis and great difficulties you\u2019ve succeeded to use your knowledge and skills, and creative ideas to solve the issues and make a substantial result, which is not only a result of the companies but also a result of Serbian economy\u201d, Mr Ljaji\u0107 has stated.<\/p>\n<p>He has emphasised that a successful brand means the best promotion of Serbia and Serbian economy, adding that we have to work on national branding. <\/p>\n<p>The awarding ceremony was attended by the president of Serbian Chamber of Commerce Marko \u010cade\u017e, Minister of Economy Goran Kne\u017eevi\u0107, Prime Minister of Vojvodina Igor Mirovi\u0107 and the Mayor of Novi Sad Milo\u0161 Vu\u010devi\u0107.<\/p>\n<p>The recognitions have been awarded for 25 categories, including three new categories: the most successful introduction of start-up enterprises, the best touristic and economic event for promotion of Serbia, and the jury award. <\/p>\n","protected":false},"excerpt":{"rendered":"<p>Ministry of Trade, Tourism and Telecommunications and Serbian Chamber of Commerce have awarded recognition to the most successful brands at the closing ceremony of \u201cThe Best from Serbia 2016\u201d tonight in Novi Sad. Deputy Prime Minister and Minister of Trade, &hellip; <a href=\"https:\/\/arhiva.mtt.gov.rs\/en\/releases-and-announcements\/announcing-the-winners-of-the-action-the-best-from-serbia-2016\/\">Continue reading <span class=\"meta-nav\">&rarr;<\/span><\/a><\/p>\n","protected":false},"author":15,"featured_media":24566,"comment_status":"closed","ping_status":"closed","sticky":false,"template":"","format":"standard","meta":[],"categories":[272,275,73,273],"tags":[],"_links":{"self":[{"href":"https:\/\/arhiva.mtt.gov.rs\/en\/wp-json\/wp\/v2\/posts\/25369\/"}],"collection":[{"href":"https:\/\/arhiva.mtt.gov.rs\/en\/wp-json\/wp\/v2\/posts\/"}],"about":[{"href":"https:\/\/arhiva.mtt.gov.rs\/en\/wp-json\/wp\/v2\/types\/post\/"}],"author":[{"embeddable":true,"href":"https:\/\/arhiva.mtt.gov.rs\/en\/wp-json\/wp\/v2\/users\/15\/"}],"replies":[{"embeddable":true,"href":"https:\/\/arhiva.mtt.gov.rs\/en\/wp-json\/wp\/v2\/comments\/?post=25369"}],"version-history":[{"count":4,"href":"https:\/\/arhiva.mtt.gov.rs\/en\/wp-json\/wp\/v2\/posts\/25369\/revisions\/"}],"predecessor-version":[{"id":25373,"href":"https:\/\/arhiva.mtt.gov.rs\/en\/wp-json\/wp\/v2\/posts\/25369\/revisions\/25373\/"}],"wp:featuredmedia":[{"embeddable":true,"href":"https:\/\/arhiva.mtt.gov.rs\/en\/wp-json\/wp\/v2\/media\/24566\/"}],"wp:attachment":[{"href":"https:\/\/arhiva.mtt.gov.rs\/en\/wp-json\/wp\/v2\/media\/?parent=25369"}],"wp:term":[{"taxonomy":"category","embeddable":true,"href":"https:\/\/arhiva.mtt.gov.rs\/en\/wp-json\/wp\/v2\/categories\/?post=25369"},{"taxonomy":"post_tag","embeddable":true,"href":"https:\/\/arhiva.mtt.gov.rs\/en\/wp-json\/wp\/v2\/tags\/?post=25369"}],"curies":[{"name":"wp","href":"https:\/\/api.w.org\/{rel}","templated":true}]}}